{"id":2388,"date":"2026-04-19T17:39:48","date_gmt":"2026-04-19T14:39:48","guid":{"rendered":"https:\/\/ajanmies.fi\/?p=2388"},"modified":"2026-04-19T17:39:48","modified_gmt":"2026-04-19T14:39:48","slug":"cinque-consigli-per-unestate-in-battello-a-vapore-in-finlandia-2026","status":"publish","type":"post","link":"https:\/\/ajanmies.fi\/it\/cinque-consigli-per-unestate-in-battello-a-vapore-in-finlandia-2026\/","title":{"rendered":"Cinque consigli per un\u2019estate in battello a vapore in Finlandia 2026"},"content":{"rendered":"<p class=\"p3\">L\u2019estate si avvicina e, ancora una volta, ci sono molte ottime destinazioni per chi \u00e8 interessato ai battelli a vapore. Qui sotto ho elencato una selezione di mete che posso consigliare personalmente. Vale anche la pena sottolineare fin da subito che l\u2019elenco non \u00e8 in alcun ordine particolare. Preferisci guardare invece di leggere? Dai un\u2019occhiata al video qui sotto (sottotitoli in italiano).<\/p>\n<p><iframe loading=\"lazy\" title=\"Viisi vinkkia\u0308 ho\u0308yrylaivakesa\u0308a\u0308n 2026  (4K; CC: EN\/IT\/SV\/FI)\" width=\"696\" height=\"392\" src=\"https:\/\/www.youtube.com\/embed\/9smcfqLGfF0?feature=oembed\" frameborder=\"0\" allow=\"accelerometer; autoplay; clipboard-write; encrypted-media; gyroscope; picture-in-picture; web-share\" referrerpolicy=\"strict-origin-when-cross-origin\" allowfullscreen><\/iframe><\/p>\n<h3 class=\"p3\">Regate di battelli a vapore nelle acque finlandesi<\/h3>\n<p class=\"p3\">Quest\u2019anno la pi\u00f9 grande regata di battelli a vapore, la Regata del Saimaa, si terr\u00e0 a Joensuu l\u201911 luglio. Alcune imbarcazioni arriveranno gi\u00e0 venerd\u00ec 10 luglio al Jokiasema, ma il giorno principale dell\u2019evento sar\u00e0 sabato 11 luglio, quando i battelli attraccheranno al porto passeggeri di Joensuu. I visitatori avranno l\u2019opportunit\u00e0 di esplorare le imbarcazioni durante gli orari di visita a bordo. Di solito questo avviene per un paio d\u2019ore dopo l\u2019attracco, anche se l\u2019orario esatto non \u00e8 ancora stato confermato.<\/p>\n<figure id=\"attachment_2259\" aria-describedby=\"caption-attachment-2259\" style=\"width: 696px\" class=\"wp-caption alignnone\"><img loading=\"lazy\" decoding=\"async\" class=\"size-large wp-image-2259\" src=\"https:\/\/ajanmies.fi\/wp-content\/uploads\/2026\/04\/saimaan-regatta-joensuussa-1024x603.jpg\" alt=\"H\u00f6yrylaiva kulkee edell\u00e4 Pielisjokea\" width=\"696\" height=\"410\" srcset=\"https:\/\/ajanmies.fi\/wp-content\/uploads\/2026\/04\/saimaan-regatta-joensuussa-1024x603.jpg 1024w, https:\/\/ajanmies.fi\/wp-content\/uploads\/2026\/04\/saimaan-regatta-joensuussa-300x177.jpg 300w, https:\/\/ajanmies.fi\/wp-content\/uploads\/2026\/04\/saimaan-regatta-joensuussa-768x452.jpg 768w, https:\/\/ajanmies.fi\/wp-content\/uploads\/2026\/04\/saimaan-regatta-joensuussa-1536x905.jpg 1536w, https:\/\/ajanmies.fi\/wp-content\/uploads\/2026\/04\/saimaan-regatta-joensuussa-713x420.jpg 713w, https:\/\/ajanmies.fi\/wp-content\/uploads\/2026\/04\/saimaan-regatta-joensuussa-150x88.jpg 150w, https:\/\/ajanmies.fi\/wp-content\/uploads\/2026\/04\/saimaan-regatta-joensuussa-696x410.jpg 696w, https:\/\/ajanmies.fi\/wp-content\/uploads\/2026\/04\/saimaan-regatta-joensuussa-1068x629.jpg 1068w, https:\/\/ajanmies.fi\/wp-content\/uploads\/2026\/04\/saimaan-regatta-joensuussa.jpg 1920w\" sizes=\"auto, (max-width: 696px) 100vw, 696px\" \/><figcaption id=\"caption-attachment-2259\" class=\"wp-caption-text\">Foto della Regata del Saimaa 2019 a Joensuu<\/figcaption><\/figure>\n<p>Ecco un video di Hurma per dare un\u2019idea della regata dello scorso anno:<\/p>\n<p><iframe loading=\"lazy\" title=\"S\/S Hurma (1902) Saimaan regatassa vuonna 2025 (4K; CC: EN\/IT\/SV\/FI)\" width=\"696\" height=\"392\" src=\"https:\/\/www.youtube.com\/embed\/spI8BRYmYIs?feature=oembed\" frameborder=\"0\" allow=\"accelerometer; autoplay; clipboard-write; encrypted-media; gyroscope; picture-in-picture; web-share\" referrerpolicy=\"strict-origin-when-cross-origin\" allowfullscreen><\/iframe><\/p>\n<p class=\"p3\">L\u2019evento del P\u00e4ij\u00e4nne si terr\u00e0 a Sysm\u00e4 il 18 luglio, quello del N\u00e4sij\u00e4rvi a Murole nel mese di agosto (data da definire), e la regata marittima di quest\u2019anno si svolger\u00e0 a Turku il 15\u201316 agosto. Per programmi pi\u00f9 dettagliati, \u00e8 consigliabile seguire l\u2019Associazione finlandese degli yacht a vapore sui social media (<a href=\"https:\/\/www.instagram.com\/suomenhoyrypursiseura\/\">Instagram<\/a>, <a href=\"https:\/\/www.facebook.com\/suomenhoyrypursiseura\/\">Facebook<\/a>) e sul loro <a href=\"https:\/\/steamship.fi\/\">sito web<\/a>.<\/p>\n<h3 class=\"p3\">La splendida isola di \u00c4rj\u00e4nsaari e s\/s Kouta<\/h3>\n<p class=\"p3\">Hai gi\u00e0 visitato \u00c4rj\u00e4? Se no, questo \u00e8 l\u2019anno giusto per farlo. A mio parere, \u00c4rj\u00e4 \u00e8 una delle mete pi\u00f9 belle raggiungibili in battello a vapore. Il battello Kouta (1920\/21) opera crociere dal 1\u00b0 luglio al 1\u00b0 agosto, dal mercoled\u00ec al sabato. Durante una gita giornaliera a \u00c4rj\u00e4, avrai circa due ore e mezza sull\u2019isola: il tempo perfetto per esplorarla oppure semplicemente rilassarti sulla spiaggia sabbiosa e fare un bagno. Maggiori informazioni sulle crociere per \u00c4rj\u00e4nsaari sono disponibili sul <a href=\"https:\/\/www.arcticlakecruise.com\/\">sito della compagnia<\/a>.<\/p>\n<figure id=\"attachment_2264\" aria-describedby=\"caption-attachment-2264\" style=\"width: 696px\" class=\"wp-caption alignnone\"><img loading=\"lazy\" decoding=\"async\" class=\"size-large wp-image-2264\" src=\"https:\/\/ajanmies.fi\/wp-content\/uploads\/2026\/04\/Arjansaari-1024x768.jpg\" alt=\"Kuva \u00c4rj\u00e4nsaaren hiekkat\u00f6rm\u00e4lt\u00e4 Ouluj\u00e4rve\u00e4 kohti\" width=\"696\" height=\"522\" srcset=\"https:\/\/ajanmies.fi\/wp-content\/uploads\/2026\/04\/Arjansaari-1024x768.jpg 1024w, https:\/\/ajanmies.fi\/wp-content\/uploads\/2026\/04\/Arjansaari-300x225.jpg 300w, https:\/\/ajanmies.fi\/wp-content\/uploads\/2026\/04\/Arjansaari-768x576.jpg 768w, https:\/\/ajanmies.fi\/wp-content\/uploads\/2026\/04\/Arjansaari-1536x1152.jpg 1536w, https:\/\/ajanmies.fi\/wp-content\/uploads\/2026\/04\/Arjansaari-560x420.jpg 560w, https:\/\/ajanmies.fi\/wp-content\/uploads\/2026\/04\/Arjansaari-80x60.jpg 80w, https:\/\/ajanmies.fi\/wp-content\/uploads\/2026\/04\/Arjansaari-150x113.jpg 150w, https:\/\/ajanmies.fi\/wp-content\/uploads\/2026\/04\/Arjansaari-696x522.jpg 696w, https:\/\/ajanmies.fi\/wp-content\/uploads\/2026\/04\/Arjansaari-1068x801.jpg 1068w, https:\/\/ajanmies.fi\/wp-content\/uploads\/2026\/04\/Arjansaari.jpg 1920w\" sizes=\"auto, (max-width: 696px) 100vw, 696px\" \/><figcaption id=\"caption-attachment-2264\" class=\"wp-caption-text\">Vista del lago Ouluj\u00e4rvi dalle scogliere sabbiose di \u00c4rj\u00e4nsaari.<\/figcaption><\/figure>\n<p data-start=\"2086\" data-end=\"2535\">Oltre alle crociere per \u00c4rj\u00e4nsaari, il programma del Kouta include anche crociere serali sul fiume Kajaaninjoki e sul lago Ouluj\u00e4rvi. Come attrazione speciale di quest\u2019anno, nella settimana successiva al solstizio d\u2019estate il Kouta circumnavigher\u00e0 l\u2019intero lago insieme al collettivo Vaara. Il programma includer\u00e0 spettacoli teatrali sia nei porti che sulle acque dell\u2019Ouluj\u00e4rvi. Se non hai mai visitato questo lago, \u00e8 un\u2019ottima occasione per farlo.<\/p>\n<p>Puoi trovare maggiori informazioni sul battello Kouta e sulle sue crociere sul <a href=\"https:\/\/www.arcticlakecruise.com\/\">sito della compagnia<\/a>. Ecco alcune mie riprese del Kouta dall\u2019estate 2025:<\/p>\n<p><iframe loading=\"lazy\" title=\"Kesa\u0308tunnelmia 2025: ho\u0308yrylaiva Kouta (4K; CC: EN\/IT\/SV\/FI)\" width=\"696\" height=\"392\" src=\"https:\/\/www.youtube.com\/embed\/JxLk-nu1l_I?feature=oembed\" frameborder=\"0\" allow=\"accelerometer; autoplay; clipboard-write; encrypted-media; gyroscope; picture-in-picture; web-share\" referrerpolicy=\"strict-origin-when-cross-origin\" allowfullscreen><\/iframe><\/p>\n<h3 class=\"p3\">Il percorso di Hein\u00e4vesi a bordo del s\/s Hein\u00e4vesi<\/h3>\n<p data-start=\"2746\" data-end=\"3177\">Il servizio lungo il bellissimo percorso dei canali di Hein\u00e4vesi, ripreso lo scorso anno, continuer\u00e0 anche quest\u2019anno, con grande gioia degli appassionati di battelli a vapore. Il battello Hein\u00e4vesi (1906) opera il marted\u00ec da Kuopio a Savonlinna e il gioved\u00ec da Savonlinna a Kuopio. \u00c8 possibile percorrere l\u2019intero tragitto oppure scegliere tratte pi\u00f9 brevi. Inoltre, sono disponibili crociere locali sia a Kuopio che a Savonlinna.<\/p>\n<figure id=\"attachment_2260\" aria-describedby=\"caption-attachment-2260\" style=\"width: 696px\" class=\"wp-caption alignnone\"><img loading=\"lazy\" decoding=\"async\" class=\"size-large wp-image-2260\" src=\"https:\/\/ajanmies.fi\/wp-content\/uploads\/2026\/04\/heinavesi-1024x768.jpg\" alt=\"H\u00f6yrylaivojen Hein\u00e4vesi ja Mikko keulat h\u00f6yrylaiva Hurman kannelta kuvattuna\" width=\"696\" height=\"522\" srcset=\"https:\/\/ajanmies.fi\/wp-content\/uploads\/2026\/04\/heinavesi-1024x768.jpg 1024w, https:\/\/ajanmies.fi\/wp-content\/uploads\/2026\/04\/heinavesi-300x225.jpg 300w, https:\/\/ajanmies.fi\/wp-content\/uploads\/2026\/04\/heinavesi-768x576.jpg 768w, https:\/\/ajanmies.fi\/wp-content\/uploads\/2026\/04\/heinavesi-1536x1152.jpg 1536w, https:\/\/ajanmies.fi\/wp-content\/uploads\/2026\/04\/heinavesi-560x420.jpg 560w, https:\/\/ajanmies.fi\/wp-content\/uploads\/2026\/04\/heinavesi-80x60.jpg 80w, https:\/\/ajanmies.fi\/wp-content\/uploads\/2026\/04\/heinavesi-150x113.jpg 150w, https:\/\/ajanmies.fi\/wp-content\/uploads\/2026\/04\/heinavesi-696x522.jpg 696w, https:\/\/ajanmies.fi\/wp-content\/uploads\/2026\/04\/heinavesi-1068x801.jpg 1068w, https:\/\/ajanmies.fi\/wp-content\/uploads\/2026\/04\/heinavesi.jpg 1920w\" sizes=\"auto, (max-width: 696px) 100vw, 696px\" \/><figcaption id=\"caption-attachment-2260\" class=\"wp-caption-text\">Il battello Hein\u00e4vesi accanto al battello Mikko alla Regata del Saimaa 2025<\/figcaption><\/figure>\n<p class=\"p3\">Riportare l\u2019Hein\u00e4vesi in condizioni operative \u00e8 stato gi\u00e0 di per s\u00e9 un risultato culturale significativo, e inserirlo nel percorso dei quattro canali ha riportato un vero servizio di linea a vapore sul lago Saimaa. Se stai pensando di fare un\u2019esperienza su un battello a vapore sul Saimaa quest\u2019anno, Hein\u00e4vesi \u00e8 un\u2019ottima scelta: il percorso \u00e8 tra i pi\u00f9 belli della Finlandia e l\u2019imbarcazione \u00e8 stata continuamente migliorata.<\/p>\n<p class=\"p4\"><span class=\"s2\">Maggiori informazioni sono disponibili sul <a href=\"https:\/\/saimaanlaivamatkat.fi\/\">sito della compagnia<\/a>.<\/span><\/p>\n<h3 class=\"p3\">La Via della Poeta e s\/s Tarjanne<\/h3>\n<p class=\"p3\">Il battello Tarjanne (1908), che ha operato pi\u00f9 a lungo ininterrottamente sulla stessa rotta in Finlandia, continuer\u00e0 anche quest\u2019anno il servizio di linea tra Tampere e Virrat. La stagione va dal 3 giugno al 15 agosto. Il mercoled\u00ec e il venerd\u00ec il viaggio parte da Tampere verso Virrat passando per Ruovesi, mentre il gioved\u00ec e il sabato da Virrat verso Tampere. Il viaggio pu\u00f2 essere facilmente fatto come escursione giornaliera combinandolo con un collegamento in autobus Manninen. Gli orari sono disponibili <a href=\"https:\/\/www.tarjannelaiva.fi\/reittiliikenne\">sul sito<\/a>.<\/p>\n<figure id=\"attachment_2261\" aria-describedby=\"caption-attachment-2261\" style=\"width: 696px\" class=\"wp-caption alignnone\"><img loading=\"lazy\" decoding=\"async\" class=\"size-large wp-image-2261\" src=\"https:\/\/ajanmies.fi\/wp-content\/uploads\/2026\/04\/tarjanne-1024x576.jpg\" alt=\"H\u00f6yrylaiva Tarjanne Virtain laivarannassa\" width=\"696\" height=\"392\" srcset=\"https:\/\/ajanmies.fi\/wp-content\/uploads\/2026\/04\/tarjanne-1024x576.jpg 1024w, https:\/\/ajanmies.fi\/wp-content\/uploads\/2026\/04\/tarjanne-300x169.jpg 300w, https:\/\/ajanmies.fi\/wp-content\/uploads\/2026\/04\/tarjanne-768x432.jpg 768w, https:\/\/ajanmies.fi\/wp-content\/uploads\/2026\/04\/tarjanne-1536x864.jpg 1536w, https:\/\/ajanmies.fi\/wp-content\/uploads\/2026\/04\/tarjanne-747x420.jpg 747w, https:\/\/ajanmies.fi\/wp-content\/uploads\/2026\/04\/tarjanne-150x84.jpg 150w, https:\/\/ajanmies.fi\/wp-content\/uploads\/2026\/04\/tarjanne-696x392.jpg 696w, https:\/\/ajanmies.fi\/wp-content\/uploads\/2026\/04\/tarjanne-1068x601.jpg 1068w, https:\/\/ajanmies.fi\/wp-content\/uploads\/2026\/04\/tarjanne.jpg 1920w\" sizes=\"auto, (max-width: 696px) 100vw, 696px\" \/><figcaption id=\"caption-attachment-2261\" class=\"wp-caption-text\">Il Tarjanne al molo di Virrat a met\u00e0 estate 2025<\/figcaption><\/figure>\n<p class=\"p3\">Dalla stagione 2023, la caldaia del Tarjanne \u00e8 tornata a essere alimentata a legna, rendendo particolarmente interessante una visita alla sala macchine, cos\u00ec come una cena nel ristorante sul ponte superiore, che si dice sia stato progettato con il contributo dell\u2019artista finlandese Akseli Gallen-Kallela. Il ristorante fu completamente ricostruito durante la Prima guerra mondiale, quando il Tarjanne entr\u00f2 a far parte della flotta russa di Satakunta. Per maggiori informazioni sulla storia del Tarjanne, consulta <a href=\"https:\/\/ajanmies.fi\/it\/il-battello-a-vapore-tarjanne-una-breve-storia\/\">questo articolo separato<\/a>.<\/p>\n<p>Puoi prenotare e trovare maggiori informazioni <a href=\"https:\/\/www.hopealinjat.fi\/en\/palvelut\/tampere-virrat-by-steamboat\/\">sul sito della compagnia<\/a>. Qui sotto uno dei miei video del Tarjanne:<\/p>\n<p><iframe loading=\"lazy\" title=\"H\u00f6yrylaiva Tarjanne: Tampere\u2013Virrat 2025 (4K) | Ei musiikkia\" width=\"696\" height=\"392\" src=\"https:\/\/www.youtube.com\/embed\/9qGAM4LEO2U?feature=oembed\" frameborder=\"0\" allow=\"accelerometer; autoplay; clipboard-write; encrypted-media; gyroscope; picture-in-picture; web-share\" referrerpolicy=\"strict-origin-when-cross-origin\" allowfullscreen><\/iframe><\/p>\n<h3 class=\"p3\">Il battello Suomi a Jyv\u00e4skyl\u00e4<\/h3>\n<p class=\"p3\">Nella Finlandia centrale, il traffico commerciale di battelli a vapore si concentra principalmente sulle crociere pranzo e cena del Suomi sul lago Jyv\u00e4sj\u00e4rvi e nella parte settentrionale del lago P\u00e4ij\u00e4nne. Il Suomi opera dal marted\u00ec al sabato tra il 2 giugno e il 29 agosto, quindi ci sono molte opportunit\u00e0 per salire a bordo durante l\u2019estate. Poich\u00e9 il servizio \u00e8 piuttosto tradizionale e non ha subito grandi cambiamenti, la curiosit\u00e0 principale ogni anno \u00e8 chi gestir\u00e0 la sala macchine!<\/p>\n<p class=\"p3\">Maggiori informazioni sono disponibili sul <a href=\"https:\/\/www.paijanne-risteilythilden.fi\/en\/home\">sito P\u00e4ij\u00e4nne-Risteilyt Hilden<\/a>. Qui sotto un video di una crociera serale sul Suomi nell\u2019estate 2025:<\/p>\n<p><iframe loading=\"lazy\" title=\"Kesa\u0308ilta Suomi-laivalla (4K, CC: EN, IT, SV, FI)\" width=\"696\" height=\"392\" src=\"https:\/\/www.youtube.com\/embed\/RYLpcz3F2l8?feature=oembed\" frameborder=\"0\" allow=\"accelerometer; autoplay; clipboard-write; encrypted-media; gyroscope; picture-in-picture; web-share\" referrerpolicy=\"strict-origin-when-cross-origin\" allowfullscreen><\/iframe><\/p>\n<p>&nbsp;<\/p>\n<h3 class=\"p3\">Bubbling under:<\/h3>\n<p class=\"p3\">Guardando al prossimo anno (2027), potrebbe esserci uno sviluppo importante se il battello Lepp\u00e4virta (1904) verr\u00e0 restaurato con successo e inizier\u00e0 a operare crociere tra Imatra e Lappeenranta. Questo segnerebbe una nuova apertura significativa per il traffico nella parte meridionale del lago Saimaa. Con Ollis e Ari \u2013 gi\u00e0 noti per il s\/s Kouta \u2013 dietro il progetto, l\u2019idea di avviare un servizio regolare sembra del tutto realistica, anche se resta ancora molto lavoro di restauro da fare. \u00c8 possibile sostenere il progetto acquistando in anticipo i biglietti <a href=\"https:\/\/www.saimaaristeilyt.fi\/\">sul sito della nuova compagnia<\/a>.<\/p>\n<figure id=\"attachment_2263\" aria-describedby=\"caption-attachment-2263\" style=\"width: 696px\" class=\"wp-caption alignnone\"><img loading=\"lazy\" decoding=\"async\" class=\"size-large wp-image-2263\" src=\"https:\/\/ajanmies.fi\/wp-content\/uploads\/2026\/04\/lepuski-1-1024x768.jpg\" alt=\"Lepp\u00e4virta laiturissa vuonna 2017\" width=\"696\" height=\"522\" srcset=\"https:\/\/ajanmies.fi\/wp-content\/uploads\/2026\/04\/lepuski-1-1024x768.jpg 1024w, https:\/\/ajanmies.fi\/wp-content\/uploads\/2026\/04\/lepuski-1-300x225.jpg 300w, https:\/\/ajanmies.fi\/wp-content\/uploads\/2026\/04\/lepuski-1-768x576.jpg 768w, https:\/\/ajanmies.fi\/wp-content\/uploads\/2026\/04\/lepuski-1-1536x1152.jpg 1536w, https:\/\/ajanmies.fi\/wp-content\/uploads\/2026\/04\/lepuski-1-560x420.jpg 560w, https:\/\/ajanmies.fi\/wp-content\/uploads\/2026\/04\/lepuski-1-80x60.jpg 80w, https:\/\/ajanmies.fi\/wp-content\/uploads\/2026\/04\/lepuski-1-150x113.jpg 150w, https:\/\/ajanmies.fi\/wp-content\/uploads\/2026\/04\/lepuski-1-696x522.jpg 696w, https:\/\/ajanmies.fi\/wp-content\/uploads\/2026\/04\/lepuski-1-1068x801.jpg 1068w, https:\/\/ajanmies.fi\/wp-content\/uploads\/2026\/04\/lepuski-1.jpg 1920w\" sizes=\"auto, (max-width: 696px) 100vw, 696px\" \/><figcaption id=\"caption-attachment-2263\" class=\"wp-caption-text\">Il battello Lepp\u00e4virta al suo vecchio molo nel 2017<\/figcaption><\/figure>\n<div class=\"text-base my-auto mx-auto [--thread-content-margin:var(--thread-content-margin-xs,calc(var(--spacing)*4))] @w-sm\/main:[--thread-content-margin:var(--thread-content-margin-sm,calc(var(--spacing)*6))] @w-lg\/main:[--thread-content-margin:var(--thread-content-margin-lg,calc(var(--spacing)*16))] px-(--thread-content-margin)\">\n<div class=\"[--thread-content-max-width:40rem] @w-lg\/main:[--thread-content-max-width:48rem] mx-auto max-w-(--thread-content-max-width) flex-1 group\/turn-messages focus-visible:outline-hidden relative flex w-full min-w-0 flex-col agent-turn\">\n<div class=\"flex max-w-full flex-col gap-4 grow\">\n<div class=\"min-h-8 text-message relative flex w-full flex-col items-end gap-2 text-start break-words whitespace-normal outline-none keyboard-focused:focus-ring [.text-message+&amp;]:mt-1\" dir=\"auto\" data-message-author-role=\"assistant\" data-message-id=\"8980ce1e-3961-4eb6-b3be-6aa59eb619e3\" data-message-model-slug=\"gpt-5-3\">\n<div class=\"flex w-full flex-col gap-1 empty:hidden\">\n<div class=\"markdown prose dark:prose-invert w-full wrap-break-word light markdown-new-styling\">\n<p data-start=\"6294\" data-end=\"6393\" data-is-last-node=\"\" data-is-only-node=\"\">Ecco alcuni dei miei consigli per l\u2019estate 2026 \u2013 spero di vederti a bordo di un battello a vapore!<\/p>\n<\/div>\n<\/div>\n<\/div>\n<\/div>\n<\/div>\n<\/div>\n","protected":false},"excerpt":{"rendered":"<p>L\u2019estate si avvicina e, ancora una volta, ci sono molte ottime destinazioni per chi \u00e8 interessato ai battelli a vapore. Qui sotto ho elencato una selezione di mete che posso consigliare personalmente. Vale anche la pena sottolineare fin da subito che l\u2019elenco non \u00e8 in alcun ordine particolare. Preferisci guardare invece di leggere? Dai un\u2019occhiata [&hellip;]<\/p>\n","protected":false},"author":1,"featured_media":2382,"comment_status":"closed","ping_status":"closed","sticky":false,"template":"","format":"standard","meta":{"footnotes":""},"categories":[72],"tags":[],"class_list":{"0":"post-2388","1":"post","2":"type-post","3":"status-publish","4":"format-standard","5":"has-post-thumbnail","7":"category-battelli-a-vapore"},"yoast_head":"<!-- This site is optimized with the Yoast SEO Premium plugin v24.3 (Yoast SEO v27.4) - https:\/\/yoast.com\/product\/yoast-seo-premium-wordpress\/ -->\n<title>Cinque consigli per un\u2019estate in battello a vapore in Finlandia 2026 - Skridsko\u00e5kning och \u00e5ngfartyg<\/title>\n<meta name=\"description\" content=\"Scopri cinque splendide esperienze in battello a vapore in Finlandia nel 2026: regate, crociere storiche, itinerari sul Saimaa e destinazioni uniche.\" \/>\n<meta name=\"robots\" content=\"index, follow, max-snippet:-1, max-image-preview:large, max-video-preview:-1\" \/>\n<link rel=\"canonical\" href=\"https:\/\/ajanmies.fi\/it\/cinque-consigli-per-unestate-in-battello-a-vapore-in-finlandia-2026\/\" \/>\n<meta property=\"og:locale\" content=\"it_IT\" \/>\n<meta property=\"og:type\" content=\"article\" \/>\n<meta property=\"og:title\" content=\"Cinque consigli per un\u2019estate in battello a vapore in Finlandia 2026\" \/>\n<meta property=\"og:description\" content=\"Scopri cinque splendide esperienze in battello a vapore in Finlandia nel 2026: regate, crociere storiche, itinerari sul Saimaa e destinazioni uniche.\" \/>\n<meta property=\"og:url\" content=\"https:\/\/ajanmies.fi\/it\/cinque-consigli-per-unestate-in-battello-a-vapore-in-finlandia-2026\/\" \/>\n<meta property=\"og:site_name\" content=\"Skridsko\u00e5kning och \u00e5ngfartyg\" \/>\n<meta property=\"article:publisher\" content=\"https:\/\/www.facebook.com\/mikko.manka\" \/>\n<meta property=\"article:author\" content=\"https:\/\/www.facebook.com\/mikko.manka\" \/>\n<meta property=\"article:published_time\" content=\"2026-04-19T14:39:48+00:00\" \/>\n<meta property=\"og:image\" content=\"https:\/\/ajanmies.fi\/wp-content\/uploads\/2026\/04\/viisivinkkia.jpg\" \/>\n\t<meta property=\"og:image:width\" content=\"1500\" \/>\n\t<meta property=\"og:image:height\" content=\"750\" \/>\n\t<meta property=\"og:image:type\" content=\"image\/jpeg\" \/>\n<meta name=\"author\" content=\"Mikko\" \/>\n<meta name=\"twitter:card\" content=\"summary_large_image\" \/>\n<meta name=\"twitter:creator\" content=\"@mankami\" \/>\n<meta name=\"twitter:site\" content=\"@mankami\" \/>\n<meta name=\"twitter:label1\" content=\"Scritto da\" \/>\n\t<meta name=\"twitter:data1\" content=\"Mikko\" \/>\n\t<meta name=\"twitter:label2\" content=\"Tempo di lettura stimato\" \/>\n\t<meta name=\"twitter:data2\" content=\"8 minuti\" \/>\n<script type=\"application\/ld+json\" class=\"yoast-schema-graph\">{\"@context\":\"https:\\\/\\\/schema.org\",\"@graph\":[{\"@type\":\"Article\",\"@id\":\"https:\\\/\\\/ajanmies.fi\\\/it\\\/cinque-consigli-per-unestate-in-battello-a-vapore-in-finlandia-2026\\\/#article\",\"isPartOf\":{\"@id\":\"https:\\\/\\\/ajanmies.fi\\\/it\\\/cinque-consigli-per-unestate-in-battello-a-vapore-in-finlandia-2026\\\/\"},\"author\":{\"name\":\"Mikko\",\"@id\":\"https:\\\/\\\/ajanmies.fi\\\/it\\\/#\\\/schema\\\/person\\\/57fce1d5c4f50de74e41eb3b07b37ae0\"},\"headline\":\"Cinque consigli per un\u2019estate in battello a vapore in Finlandia 2026\",\"datePublished\":\"2026-04-19T14:39:48+00:00\",\"mainEntityOfPage\":{\"@id\":\"https:\\\/\\\/ajanmies.fi\\\/it\\\/cinque-consigli-per-unestate-in-battello-a-vapore-in-finlandia-2026\\\/\"},\"wordCount\":1096,\"publisher\":{\"@id\":\"https:\\\/\\\/ajanmies.fi\\\/it\\\/#\\\/schema\\\/person\\\/57fce1d5c4f50de74e41eb3b07b37ae0\"},\"image\":{\"@id\":\"https:\\\/\\\/ajanmies.fi\\\/it\\\/cinque-consigli-per-unestate-in-battello-a-vapore-in-finlandia-2026\\\/#primaryimage\"},\"thumbnailUrl\":\"https:\\\/\\\/ajanmies.fi\\\/wp-content\\\/uploads\\\/2026\\\/04\\\/viisivinkkia.jpg\",\"articleSection\":[\"Battelli a vapore\"],\"inLanguage\":\"it-IT\"},{\"@type\":\"WebPage\",\"@id\":\"https:\\\/\\\/ajanmies.fi\\\/it\\\/cinque-consigli-per-unestate-in-battello-a-vapore-in-finlandia-2026\\\/\",\"url\":\"https:\\\/\\\/ajanmies.fi\\\/it\\\/cinque-consigli-per-unestate-in-battello-a-vapore-in-finlandia-2026\\\/\",\"name\":\"Cinque consigli per un\u2019estate in battello a vapore in Finlandia 2026 - Skridsko\u00e5kning och \u00e5ngfartyg\",\"isPartOf\":{\"@id\":\"https:\\\/\\\/ajanmies.fi\\\/it\\\/#website\"},\"primaryImageOfPage\":{\"@id\":\"https:\\\/\\\/ajanmies.fi\\\/it\\\/cinque-consigli-per-unestate-in-battello-a-vapore-in-finlandia-2026\\\/#primaryimage\"},\"image\":{\"@id\":\"https:\\\/\\\/ajanmies.fi\\\/it\\\/cinque-consigli-per-unestate-in-battello-a-vapore-in-finlandia-2026\\\/#primaryimage\"},\"thumbnailUrl\":\"https:\\\/\\\/ajanmies.fi\\\/wp-content\\\/uploads\\\/2026\\\/04\\\/viisivinkkia.jpg\",\"datePublished\":\"2026-04-19T14:39:48+00:00\",\"description\":\"Scopri cinque splendide esperienze in battello a vapore in Finlandia nel 2026: regate, crociere storiche, itinerari sul Saimaa e destinazioni uniche.\",\"breadcrumb\":{\"@id\":\"https:\\\/\\\/ajanmies.fi\\\/it\\\/cinque-consigli-per-unestate-in-battello-a-vapore-in-finlandia-2026\\\/#breadcrumb\"},\"inLanguage\":\"it-IT\",\"potentialAction\":[{\"@type\":\"ReadAction\",\"target\":[\"https:\\\/\\\/ajanmies.fi\\\/it\\\/cinque-consigli-per-unestate-in-battello-a-vapore-in-finlandia-2026\\\/\"]}]},{\"@type\":\"ImageObject\",\"inLanguage\":\"it-IT\",\"@id\":\"https:\\\/\\\/ajanmies.fi\\\/it\\\/cinque-consigli-per-unestate-in-battello-a-vapore-in-finlandia-2026\\\/#primaryimage\",\"url\":\"https:\\\/\\\/ajanmies.fi\\\/wp-content\\\/uploads\\\/2026\\\/04\\\/viisivinkkia.jpg\",\"contentUrl\":\"https:\\\/\\\/ajanmies.fi\\\/wp-content\\\/uploads\\\/2026\\\/04\\\/viisivinkkia.jpg\",\"width\":1500,\"height\":750,\"caption\":\"Kuusi kuvaa eri h\u00f6yrylaivakohteista. Viimeinen tummennettu, koska tulossa vasta vuonna 2027\"},{\"@type\":\"BreadcrumbList\",\"@id\":\"https:\\\/\\\/ajanmies.fi\\\/it\\\/cinque-consigli-per-unestate-in-battello-a-vapore-in-finlandia-2026\\\/#breadcrumb\",\"itemListElement\":[{\"@type\":\"ListItem\",\"position\":1,\"name\":\"Home\",\"item\":\"https:\\\/\\\/ajanmies.fi\\\/it\\\/\"},{\"@type\":\"ListItem\",\"position\":2,\"name\":\"Cinque consigli per un\u2019estate in battello a vapore in Finlandia 2026\"}]},{\"@type\":\"WebSite\",\"@id\":\"https:\\\/\\\/ajanmies.fi\\\/it\\\/#website\",\"url\":\"https:\\\/\\\/ajanmies.fi\\\/it\\\/\",\"name\":\"Skridsko\u00e5kning och \u00e5ngfartyg\",\"description\":\"Tarinoita luistelusta, h&ouml;yrylaivoista ja v&auml;h&auml;n muustakin\",\"publisher\":{\"@id\":\"https:\\\/\\\/ajanmies.fi\\\/it\\\/#\\\/schema\\\/person\\\/57fce1d5c4f50de74e41eb3b07b37ae0\"},\"potentialAction\":[{\"@type\":\"SearchAction\",\"target\":{\"@type\":\"EntryPoint\",\"urlTemplate\":\"https:\\\/\\\/ajanmies.fi\\\/it\\\/?s={search_term_string}\"},\"query-input\":{\"@type\":\"PropertyValueSpecification\",\"valueRequired\":true,\"valueName\":\"search_term_string\"}}],\"inLanguage\":\"it-IT\"},{\"@type\":[\"Person\",\"Organization\"],\"@id\":\"https:\\\/\\\/ajanmies.fi\\\/it\\\/#\\\/schema\\\/person\\\/57fce1d5c4f50de74e41eb3b07b37ae0\",\"name\":\"Mikko\",\"image\":{\"@type\":\"ImageObject\",\"inLanguage\":\"it-IT\",\"@id\":\"https:\\\/\\\/www.elamystampere.fi\\\/wp-content\\\/uploads\\\/2019\\\/02\\\/cropped-elamystampere-favicon1-2.png\",\"url\":\"https:\\\/\\\/www.elamystampere.fi\\\/wp-content\\\/uploads\\\/2019\\\/02\\\/cropped-elamystampere-favicon1-2.png\",\"contentUrl\":\"https:\\\/\\\/www.elamystampere.fi\\\/wp-content\\\/uploads\\\/2019\\\/02\\\/cropped-elamystampere-favicon1-2.png\",\"width\":512,\"height\":512,\"caption\":\"Mikko\"},\"logo\":{\"@id\":\"https:\\\/\\\/www.elamystampere.fi\\\/wp-content\\\/uploads\\\/2019\\\/02\\\/cropped-elamystampere-favicon1-2.png\"},\"sameAs\":[\"https:\\\/\\\/www.facebook.com\\\/mikko.manka\",\"https:\\\/\\\/www.instagram.com\\\/ajanmies\\\/\",\"https:\\\/\\\/www.linkedin.com\\\/in\\\/mankami\\\/\",\"https:\\\/\\\/www.youtube.com\\\/@ajanmies\"],\"url\":\"https:\\\/\\\/ajanmies.fi\\\/it\\\/author\\\/admin\\\/\"}]}<\/script>\n<!-- \/ Yoast SEO Premium plugin. -->","yoast_head_json":{"title":"Cinque consigli per un\u2019estate in battello a vapore in Finlandia 2026 - Skridsko\u00e5kning och \u00e5ngfartyg","description":"Scopri cinque splendide esperienze in battello a vapore in Finlandia nel 2026: regate, crociere storiche, itinerari sul Saimaa e destinazioni uniche.","robots":{"index":"index","follow":"follow","max-snippet":"max-snippet:-1","max-image-preview":"max-image-preview:large","max-video-preview":"max-video-preview:-1"},"canonical":"https:\/\/ajanmies.fi\/it\/cinque-consigli-per-unestate-in-battello-a-vapore-in-finlandia-2026\/","og_locale":"it_IT","og_type":"article","og_title":"Cinque consigli per un\u2019estate in battello a vapore in Finlandia 2026","og_description":"Scopri cinque splendide esperienze in battello a vapore in Finlandia nel 2026: regate, crociere storiche, itinerari sul Saimaa e destinazioni uniche.","og_url":"https:\/\/ajanmies.fi\/it\/cinque-consigli-per-unestate-in-battello-a-vapore-in-finlandia-2026\/","og_site_name":"Skridsko\u00e5kning och \u00e5ngfartyg","article_publisher":"https:\/\/www.facebook.com\/mikko.manka","article_author":"https:\/\/www.facebook.com\/mikko.manka","article_published_time":"2026-04-19T14:39:48+00:00","og_image":[{"width":1500,"height":750,"url":"https:\/\/ajanmies.fi\/wp-content\/uploads\/2026\/04\/viisivinkkia.jpg","type":"image\/jpeg"}],"author":"Mikko","twitter_card":"summary_large_image","twitter_creator":"@mankami","twitter_site":"@mankami","twitter_misc":{"Scritto da":"Mikko","Tempo di lettura stimato":"8 minuti"},"schema":{"@context":"https:\/\/schema.org","@graph":[{"@type":"Article","@id":"https:\/\/ajanmies.fi\/it\/cinque-consigli-per-unestate-in-battello-a-vapore-in-finlandia-2026\/#article","isPartOf":{"@id":"https:\/\/ajanmies.fi\/it\/cinque-consigli-per-unestate-in-battello-a-vapore-in-finlandia-2026\/"},"author":{"name":"Mikko","@id":"https:\/\/ajanmies.fi\/it\/#\/schema\/person\/57fce1d5c4f50de74e41eb3b07b37ae0"},"headline":"Cinque consigli per un\u2019estate in battello a vapore in Finlandia 2026","datePublished":"2026-04-19T14:39:48+00:00","mainEntityOfPage":{"@id":"https:\/\/ajanmies.fi\/it\/cinque-consigli-per-unestate-in-battello-a-vapore-in-finlandia-2026\/"},"wordCount":1096,"publisher":{"@id":"https:\/\/ajanmies.fi\/it\/#\/schema\/person\/57fce1d5c4f50de74e41eb3b07b37ae0"},"image":{"@id":"https:\/\/ajanmies.fi\/it\/cinque-consigli-per-unestate-in-battello-a-vapore-in-finlandia-2026\/#primaryimage"},"thumbnailUrl":"https:\/\/ajanmies.fi\/wp-content\/uploads\/2026\/04\/viisivinkkia.jpg","articleSection":["Battelli a vapore"],"inLanguage":"it-IT"},{"@type":"WebPage","@id":"https:\/\/ajanmies.fi\/it\/cinque-consigli-per-unestate-in-battello-a-vapore-in-finlandia-2026\/","url":"https:\/\/ajanmies.fi\/it\/cinque-consigli-per-unestate-in-battello-a-vapore-in-finlandia-2026\/","name":"Cinque consigli per un\u2019estate in battello a vapore in Finlandia 2026 - Skridsko\u00e5kning och \u00e5ngfartyg","isPartOf":{"@id":"https:\/\/ajanmies.fi\/it\/#website"},"primaryImageOfPage":{"@id":"https:\/\/ajanmies.fi\/it\/cinque-consigli-per-unestate-in-battello-a-vapore-in-finlandia-2026\/#primaryimage"},"image":{"@id":"https:\/\/ajanmies.fi\/it\/cinque-consigli-per-unestate-in-battello-a-vapore-in-finlandia-2026\/#primaryimage"},"thumbnailUrl":"https:\/\/ajanmies.fi\/wp-content\/uploads\/2026\/04\/viisivinkkia.jpg","datePublished":"2026-04-19T14:39:48+00:00","description":"Scopri cinque splendide esperienze in battello a vapore in Finlandia nel 2026: regate, crociere storiche, itinerari sul Saimaa e destinazioni uniche.","breadcrumb":{"@id":"https:\/\/ajanmies.fi\/it\/cinque-consigli-per-unestate-in-battello-a-vapore-in-finlandia-2026\/#breadcrumb"},"inLanguage":"it-IT","potentialAction":[{"@type":"ReadAction","target":["https:\/\/ajanmies.fi\/it\/cinque-consigli-per-unestate-in-battello-a-vapore-in-finlandia-2026\/"]}]},{"@type":"ImageObject","inLanguage":"it-IT","@id":"https:\/\/ajanmies.fi\/it\/cinque-consigli-per-unestate-in-battello-a-vapore-in-finlandia-2026\/#primaryimage","url":"https:\/\/ajanmies.fi\/wp-content\/uploads\/2026\/04\/viisivinkkia.jpg","contentUrl":"https:\/\/ajanmies.fi\/wp-content\/uploads\/2026\/04\/viisivinkkia.jpg","width":1500,"height":750,"caption":"Kuusi kuvaa eri h\u00f6yrylaivakohteista. Viimeinen tummennettu, koska tulossa vasta vuonna 2027"},{"@type":"BreadcrumbList","@id":"https:\/\/ajanmies.fi\/it\/cinque-consigli-per-unestate-in-battello-a-vapore-in-finlandia-2026\/#breadcrumb","itemListElement":[{"@type":"ListItem","position":1,"name":"Home","item":"https:\/\/ajanmies.fi\/it\/"},{"@type":"ListItem","position":2,"name":"Cinque consigli per un\u2019estate in battello a vapore in Finlandia 2026"}]},{"@type":"WebSite","@id":"https:\/\/ajanmies.fi\/it\/#website","url":"https:\/\/ajanmies.fi\/it\/","name":"Skridsko\u00e5kning och \u00e5ngfartyg","description":"Tarinoita luistelusta, h&ouml;yrylaivoista ja v&auml;h&auml;n muustakin","publisher":{"@id":"https:\/\/ajanmies.fi\/it\/#\/schema\/person\/57fce1d5c4f50de74e41eb3b07b37ae0"},"potentialAction":[{"@type":"SearchAction","target":{"@type":"EntryPoint","urlTemplate":"https:\/\/ajanmies.fi\/it\/?s={search_term_string}"},"query-input":{"@type":"PropertyValueSpecification","valueRequired":true,"valueName":"search_term_string"}}],"inLanguage":"it-IT"},{"@type":["Person","Organization"],"@id":"https:\/\/ajanmies.fi\/it\/#\/schema\/person\/57fce1d5c4f50de74e41eb3b07b37ae0","name":"Mikko","image":{"@type":"ImageObject","inLanguage":"it-IT","@id":"https:\/\/www.elamystampere.fi\/wp-content\/uploads\/2019\/02\/cropped-elamystampere-favicon1-2.png","url":"https:\/\/www.elamystampere.fi\/wp-content\/uploads\/2019\/02\/cropped-elamystampere-favicon1-2.png","contentUrl":"https:\/\/www.elamystampere.fi\/wp-content\/uploads\/2019\/02\/cropped-elamystampere-favicon1-2.png","width":512,"height":512,"caption":"Mikko"},"logo":{"@id":"https:\/\/www.elamystampere.fi\/wp-content\/uploads\/2019\/02\/cropped-elamystampere-favicon1-2.png"},"sameAs":["https:\/\/www.facebook.com\/mikko.manka","https:\/\/www.instagram.com\/ajanmies\/","https:\/\/www.linkedin.com\/in\/mankami\/","https:\/\/www.youtube.com\/@ajanmies"],"url":"https:\/\/ajanmies.fi\/it\/author\/admin\/"}]}},"_links":{"self":[{"href":"https:\/\/ajanmies.fi\/it\/wp-json\/wp\/v2\/posts\/2388","targetHints":{"allow":["GET"]}}],"collection":[{"href":"https:\/\/ajanmies.fi\/it\/wp-json\/wp\/v2\/posts"}],"about":[{"href":"https:\/\/ajanmies.fi\/it\/wp-json\/wp\/v2\/types\/post"}],"author":[{"embeddable":true,"href":"https:\/\/ajanmies.fi\/it\/wp-json\/wp\/v2\/users\/1"}],"replies":[{"embeddable":true,"href":"https:\/\/ajanmies.fi\/it\/wp-json\/wp\/v2\/comments?post=2388"}],"version-history":[{"count":1,"href":"https:\/\/ajanmies.fi\/it\/wp-json\/wp\/v2\/posts\/2388\/revisions"}],"predecessor-version":[{"id":2390,"href":"https:\/\/ajanmies.fi\/it\/wp-json\/wp\/v2\/posts\/2388\/revisions\/2390"}],"wp:featuredmedia":[{"embeddable":true,"href":"https:\/\/ajanmies.fi\/it\/wp-json\/wp\/v2\/media\/2382"}],"wp:attachment":[{"href":"https:\/\/ajanmies.fi\/it\/wp-json\/wp\/v2\/media?parent=2388"}],"wp:term":[{"taxonomy":"category","embeddable":true,"href":"https:\/\/ajanmies.fi\/it\/wp-json\/wp\/v2\/categories?post=2388"},{"taxonomy":"post_tag","embeddable":true,"href":"https:\/\/ajanmies.fi\/it\/wp-json\/wp\/v2\/tags?post=2388"}],"curies":[{"name":"wp","href":"https:\/\/api.w.org\/{rel}","templated":true}]}}